{"id":4315,"date":"2018-12-07T18:15:44","date_gmt":"2018-12-07T17:15:44","guid":{"rendered":"http:\/\/culmsee.com\/wordpress-weblog\/?p=4315"},"modified":"2021-07-20T17:38:09","modified_gmt":"2021-07-20T15:38:09","slug":"timbered-houses-google-maps","status":"publish","type":"post","link":"https:\/\/culmsee.com\/wordpress-weblog\/2018\/12\/timbered-houses-google-maps\/","title":{"rendered":"timbered houses entering Google Maps"},"content":{"rendered":"<h1 style=\"text-align: center;\"><span style=\"color: #ffdd00;\"><em>web world GMaps&#8216; 1st entries<\/em><\/span><\/h1>\n<h2 style=\"text-align: center;\"><span style=\"color: #ff9900;\">Local Guide @ Google Maps<\/span><a href=\"http:\/\/culmsee.com\/localguide\/\" target=\"_blank\" rel=\"noopener\"><img loading=\"lazy\" decoding=\"async\" class=\"aligncenter size-full wp-image-2778\" src=\"http:\/\/culmsee.com\/wordpress-weblog\/wp-content\/uploads\/2018\/09\/Local-Guide-Master-Fact-Finder-Level-7.jpg\" alt=\"Local Guide Master Fact Finder\" width=\"250\" height=\"250\" \/><\/a><\/h2>\n<p style=\"text-align: center;\"><span style=\"color: #ff9900;\">enjoys very much in helping adding world wide maps of &#8222;Google Maps&#8220;<br \/>\n&#8230; with introducing first entries&#8230;<\/span><\/p>\n<hr \/>\n<h1 style=\"text-align: center;\"><span style=\"color: #993300;\"><em>Celle:<\/em><\/span><\/h1>\n<figure id=\"attachment_4321\" aria-describedby=\"caption-attachment-4321\" style=\"width: 1000px\" class=\"wp-caption aligncenter\"><a href=\"http:\/\/culmsee.com\/wordpress-weblog\/wp-content\/uploads\/2018\/12\/Celle-halbes-Fachwerk-Haus.jpg\"><img loading=\"lazy\" decoding=\"async\" class=\"wp-image-4321\" src=\"http:\/\/culmsee.com\/wordpress-weblog\/wp-content\/uploads\/2018\/12\/Celle-halbes-Fachwerk-Haus-1600x1067.jpg\" alt=\"Celle halbes Fachwerkhaus\" width=\"1000\" height=\"667\" srcset=\"https:\/\/culmsee.com\/wordpress-weblog\/wp-content\/uploads\/2018\/12\/Celle-halbes-Fachwerk-Haus-1600x1067.jpg 1600w, https:\/\/culmsee.com\/wordpress-weblog\/wp-content\/uploads\/2018\/12\/Celle-halbes-Fachwerk-Haus-800x533.jpg 800w, https:\/\/culmsee.com\/wordpress-weblog\/wp-content\/uploads\/2018\/12\/Celle-halbes-Fachwerk-Haus-768x512.jpg 768w, https:\/\/culmsee.com\/wordpress-weblog\/wp-content\/uploads\/2018\/12\/Celle-halbes-Fachwerk-Haus-500x333.jpg 500w, https:\/\/culmsee.com\/wordpress-weblog\/wp-content\/uploads\/2018\/12\/Celle-halbes-Fachwerk-Haus-1280x853.jpg 1280w, https:\/\/culmsee.com\/wordpress-weblog\/wp-content\/uploads\/2018\/12\/Celle-halbes-Fachwerk-Haus-360x240.jpg 360w, https:\/\/culmsee.com\/wordpress-weblog\/wp-content\/uploads\/2018\/12\/Celle-halbes-Fachwerk-Haus-272x182.jpg 272w, https:\/\/culmsee.com\/wordpress-weblog\/wp-content\/uploads\/2018\/12\/Celle-halbes-Fachwerk-Haus.jpg 1800w\" sizes=\"auto, (max-width: 1000px) 100vw, 1000px\" \/><\/a><figcaption id=\"caption-attachment-4321\" class=\"wp-caption-text\"><span style=\"color: #993300;\">Celle halbes Fachwerk-Haus in der <strong>Bergstr.<\/strong><\/span><\/figcaption><\/figure>\n<p style=\"text-align: right;\"><span style=\"color: #993300;\">plus code:\u00a0 \u00a0 \u00a0J3FM+77 Celle<\/span><\/p>\n<p style=\"text-align: right;\"><span style=\"color: #993300;\">photo\u00a0 \u00a0 \u00a0<a style=\"color: #993300;\" href=\"https:\/\/goo.gl\/maps\/Z2zUGZEDYvq\" target=\"_blank\" rel=\"noopener\">https:\/\/goo.gl\/maps\/Z2zUGZEDYvq<\/a>\u00a0<\/span><\/p>\n<p style=\"text-align: right;\"><span style=\"color: #993300;\">review\u00a0 \u00a0 \u00a0<a style=\"color: #993300;\" href=\"https:\/\/goo.gl\/maps\/TgS3aw3buhu\" target=\"_blank\" rel=\"noopener\">https:\/\/goo.gl\/maps\/TgS3aw3buhu<\/a>\u00a0<\/span><\/p>\n<figure id=\"attachment_4322\" aria-describedby=\"caption-attachment-4322\" style=\"width: 1051px\" class=\"wp-caption aligncenter\"><a href=\"https:\/\/www.google.de\/maps\/place\/52%C2%B037'23.5%22N+10%C2%B004'59.5%22E\/@52.6231875,10.0809935,539m\/data=!3m1!1e3!4m5!3m4!1s0x0:0x0!8m2!3d52.6231875!4d10.0831875?hl=de\" target=\"_blank\" rel=\"noopener\"><img loading=\"lazy\" decoding=\"async\" class=\"size-full wp-image-4322\" src=\"http:\/\/culmsee.com\/wordpress-weblog\/wp-content\/uploads\/2018\/12\/Celle-Fachwerkhaus-Haelften.jpg\" alt=\"Celle Fachwerkhaus Bergstr.\" width=\"1051\" height=\"817\" srcset=\"https:\/\/culmsee.com\/wordpress-weblog\/wp-content\/uploads\/2018\/12\/Celle-Fachwerkhaus-Haelften.jpg 1051w, https:\/\/culmsee.com\/wordpress-weblog\/wp-content\/uploads\/2018\/12\/Celle-Fachwerkhaus-Haelften-772x600.jpg 772w, https:\/\/culmsee.com\/wordpress-weblog\/wp-content\/uploads\/2018\/12\/Celle-Fachwerkhaus-Haelften-768x597.jpg 768w, https:\/\/culmsee.com\/wordpress-weblog\/wp-content\/uploads\/2018\/12\/Celle-Fachwerkhaus-Haelften-500x389.jpg 500w, https:\/\/culmsee.com\/wordpress-weblog\/wp-content\/uploads\/2018\/12\/Celle-Fachwerkhaus-Haelften-800x622.jpg 800w, https:\/\/culmsee.com\/wordpress-weblog\/wp-content\/uploads\/2018\/12\/Celle-Fachwerkhaus-Haelften-347x270.jpg 347w\" sizes=\"auto, (max-width: 1051px) 100vw, 1051px\" \/><\/a><figcaption id=\"caption-attachment-4322\" class=\"wp-caption-text\"><span style=\"color: #993300;\">Google Maps: <strong>Celle<\/strong> Fachwerkhaus als Kulturdenkmal in <strong>Bergstr.<\/strong><\/span><\/figcaption><\/figure>\n<p><em style=\"color: #993300; font-size: 16px;\">Celle (Stadt) Bergstra\u00dfe: Haus-H\u00e4lften falsch herum\u00a0<\/em><span style=\"color: #993300;\"><em>in der Celler Bergstra\u00dfe in der Innenstadt gibt es ein geteiltes Haus, dessen H\u00e4lften falsch herum wieder aufgebaut wurden (so wird es erz\u00e4hlt) &#8211; und so jedenfalls sieht es aus und ist damit eine besondere Art Attraktion<\/em><\/span><\/p>\n<figure id=\"attachment_13701\" aria-describedby=\"caption-attachment-13701\" style=\"width: 350px\" class=\"wp-caption aligncenter\"><a href=\"https:\/\/culmsee.com\/wordpress-weblog\/wp-content\/uploads\/2021\/07\/Local-Guide-Celle-Bergstr-Fachwerk-views-2021-07-20.jpg\"><img loading=\"lazy\" decoding=\"async\" class=\"size-large wp-image-13701\" src=\"https:\/\/culmsee.com\/wordpress-weblog\/wp-content\/uploads\/2021\/07\/Local-Guide-Celle-Bergstr-Fachwerk-views-2021-07-20-350x1200.jpg\" alt=\"Celle, Fachwerkhaus H\u00e4lften falsch herum 250k views Google Maps\" width=\"350\" height=\"1200\" srcset=\"https:\/\/culmsee.com\/wordpress-weblog\/wp-content\/uploads\/2021\/07\/Local-Guide-Celle-Bergstr-Fachwerk-views-2021-07-20-350x1200.jpg 350w, https:\/\/culmsee.com\/wordpress-weblog\/wp-content\/uploads\/2021\/07\/Local-Guide-Celle-Bergstr-Fachwerk-views-2021-07-20-175x600.jpg 175w, https:\/\/culmsee.com\/wordpress-weblog\/wp-content\/uploads\/2021\/07\/Local-Guide-Celle-Bergstr-Fachwerk-views-2021-07-20-500x1713.jpg 500w, https:\/\/culmsee.com\/wordpress-weblog\/wp-content\/uploads\/2021\/07\/Local-Guide-Celle-Bergstr-Fachwerk-views-2021-07-20-79x270.jpg 79w, https:\/\/culmsee.com\/wordpress-weblog\/wp-content\/uploads\/2021\/07\/Local-Guide-Celle-Bergstr-Fachwerk-views-2021-07-20.jpg 540w\" sizes=\"auto, (max-width: 350px) 100vw, 350px\" \/><\/a><figcaption id=\"caption-attachment-13701\" class=\"wp-caption-text\"><em>Celle,<\/em> Fachwerkhaus H\u00e4lften falsch herum <br \/>250k views Google Maps<\/figcaption><\/figure>\n<p><span style=\"color: #993300;\"><em>at Celle, town in Northern Germany&#8217;s county of Niedersachsen (in North of Hannover) there is a very special house located in street named Bergstr. and its halfs, indeed two halfs, had been re-built \/ reset in wrong reconstruction as shown on photo, that&#8217;s what the senior citizens tell, and that&#8217;s what it looks like: an unusual attraction for tourists&#8230;<\/em><\/span><\/p>\n<figure id=\"attachment_8433\" aria-describedby=\"caption-attachment-8433\" style=\"width: 440px\" class=\"wp-caption aligncenter\"><a href=\"http:\/\/culmsee.com\/wordpress-weblog\/wp-content\/uploads\/2019\/09\/Celle-Fachwerk-Bergstr-2019-09.jpg\"><img loading=\"lazy\" decoding=\"async\" class=\"wp-image-8433 size-medium\" src=\"http:\/\/culmsee.com\/wordpress-weblog\/wp-content\/uploads\/2019\/09\/Celle-Fachwerk-Bergstr-2019-09-440x600.jpg\" alt=\"Celle Fachwerkhaus Bergstr. 44\" width=\"440\" height=\"600\" srcset=\"https:\/\/culmsee.com\/wordpress-weblog\/wp-content\/uploads\/2019\/09\/Celle-Fachwerk-Bergstr-2019-09-440x600.jpg 440w, https:\/\/culmsee.com\/wordpress-weblog\/wp-content\/uploads\/2019\/09\/Celle-Fachwerk-Bergstr-2019-09-500x682.jpg 500w, https:\/\/culmsee.com\/wordpress-weblog\/wp-content\/uploads\/2019\/09\/Celle-Fachwerk-Bergstr-2019-09-198x270.jpg 198w, https:\/\/culmsee.com\/wordpress-weblog\/wp-content\/uploads\/2019\/09\/Celle-Fachwerk-Bergstr-2019-09.jpg 540w\" sizes=\"auto, (max-width: 440px) 100vw, 440px\" \/><\/a><figcaption id=\"caption-attachment-8433\" class=\"wp-caption-text\">29k views Celle Fachwerkhaus Bergstr. 44<\/figcaption><\/figure>\n<p>review with photos at Google Maps:\u00a0<a href=\"https:\/\/goo.gl\/maps\/pZ5GLCNsT3BXHtot7\" target=\"_blank\" rel=\"noopener\">https:\/\/goo.gl\/maps\/pZ5GLCNsT3BXHtot7<\/a><\/p>\n<p style=\"text-align: right;\">house (photo):\u00a0<a href=\"https:\/\/goo.gl\/maps\/N8Li9XBJyE479WLm9\" target=\"_blank\" rel=\"noopener\">https:\/\/goo.gl\/maps\/N8Li9XBJyE479WLm9<\/a><\/p>\n<p>passage (photo):\u00a0<a href=\"https:\/\/goo.gl\/maps\/SCGaT2Bnsb69LwBk9\" target=\"_blank\" rel=\"noopener\">https:\/\/goo.gl\/maps\/SCGaT2Bnsb69LwBk9<\/a><\/p>\n<figure id=\"attachment_5776\" aria-describedby=\"caption-attachment-5776\" style=\"width: 640px\" class=\"wp-caption aligncenter\"><a href=\"http:\/\/culmsee.com\/wordpress-weblog\/wp-content\/uploads\/2019\/03\/Celle-Bergstr-44-47.jpg\"><img loading=\"lazy\" decoding=\"async\" class=\"wp-image-5776 size-large\" src=\"http:\/\/culmsee.com\/wordpress-weblog\/wp-content\/uploads\/2019\/03\/Celle-Bergstr-44-47-900x1200.jpg\" alt=\"Fachwerkhaus Celle Bergstr 44-47\" width=\"640\" height=\"853\" srcset=\"https:\/\/culmsee.com\/wordpress-weblog\/wp-content\/uploads\/2019\/03\/Celle-Bergstr-44-47-900x1200.jpg 900w, https:\/\/culmsee.com\/wordpress-weblog\/wp-content\/uploads\/2019\/03\/Celle-Bergstr-44-47-450x600.jpg 450w, https:\/\/culmsee.com\/wordpress-weblog\/wp-content\/uploads\/2019\/03\/Celle-Bergstr-44-47-768x1023.jpg 768w, https:\/\/culmsee.com\/wordpress-weblog\/wp-content\/uploads\/2019\/03\/Celle-Bergstr-44-47-500x666.jpg 500w, https:\/\/culmsee.com\/wordpress-weblog\/wp-content\/uploads\/2019\/03\/Celle-Bergstr-44-47-800x1066.jpg 800w, https:\/\/culmsee.com\/wordpress-weblog\/wp-content\/uploads\/2019\/03\/Celle-Bergstr-44-47-203x270.jpg 203w, https:\/\/culmsee.com\/wordpress-weblog\/wp-content\/uploads\/2019\/03\/Celle-Bergstr-44-47.jpg 938w\" sizes=\"auto, (max-width: 640px) 100vw, 640px\" \/><\/a><figcaption id=\"caption-attachment-5776\" class=\"wp-caption-text\">Fachwerkhaus <strong>Celle<\/strong> Bergstr. 44\/47<\/figcaption><\/figure>\n<p>Fachwerkhaus in der Bergstr.44\/47: eines der vielen und sehr sch\u00f6nen in dieser Stra\u00dfe zum Platz namens Gro\u00dfer Plan, auf dem noch mehr Historisches zu bewundern ist. Besonders hier die Baukunst-Inschrift: &#8222;Er nach Kunst will H\u00e4user bauen ohne Tadel im Anschauen, der muss wohl ein Meister sein, schlecht und recht gibt keinen Schein.&#8220;<\/p>\n<figure id=\"attachment_5777\" aria-describedby=\"caption-attachment-5777\" style=\"width: 1600px\" class=\"wp-caption aligncenter\"><a href=\"http:\/\/culmsee.com\/wordpress-weblog\/wp-content\/uploads\/2019\/03\/Celle-Bergstr-44-47-cut.jpg\"><img loading=\"lazy\" decoding=\"async\" class=\"wp-image-5777 size-full\" src=\"http:\/\/culmsee.com\/wordpress-weblog\/wp-content\/uploads\/2019\/03\/Celle-Bergstr-44-47-cut.jpg\" alt=\"Fachwerkhaus Celle Bergstr 44-47 Inschrift\" width=\"1600\" height=\"850\" srcset=\"https:\/\/culmsee.com\/wordpress-weblog\/wp-content\/uploads\/2019\/03\/Celle-Bergstr-44-47-cut.jpg 1600w, https:\/\/culmsee.com\/wordpress-weblog\/wp-content\/uploads\/2019\/03\/Celle-Bergstr-44-47-cut-800x425.jpg 800w, https:\/\/culmsee.com\/wordpress-weblog\/wp-content\/uploads\/2019\/03\/Celle-Bergstr-44-47-cut-768x408.jpg 768w, https:\/\/culmsee.com\/wordpress-weblog\/wp-content\/uploads\/2019\/03\/Celle-Bergstr-44-47-cut-500x266.jpg 500w, https:\/\/culmsee.com\/wordpress-weblog\/wp-content\/uploads\/2019\/03\/Celle-Bergstr-44-47-cut-1280x680.jpg 1280w, https:\/\/culmsee.com\/wordpress-weblog\/wp-content\/uploads\/2019\/03\/Celle-Bergstr-44-47-cut-360x191.jpg 360w\" sizes=\"auto, (max-width: 1600px) 100vw, 1600px\" \/><\/a><figcaption id=\"caption-attachment-5777\" class=\"wp-caption-text\">Fachwerkhaus <strong>Celle<\/strong> Bergstr. 44-47 (Inschrift)<\/figcaption><\/figure>\n<hr \/>\n<h1 style=\"text-align: center;\"><span style=\"color: #ad6531;\"><em>Oberlahr:<\/em><\/span><\/h1>\n<figure id=\"attachment_4319\" aria-describedby=\"caption-attachment-4319\" style=\"width: 500px\" class=\"wp-caption aligncenter\"><a href=\"http:\/\/culmsee.com\/wordpress-weblog\/wp-content\/uploads\/2018\/12\/Oberlahr-Hauptstr-19.jpg\"><img loading=\"lazy\" decoding=\"async\" class=\"wp-image-4319\" src=\"http:\/\/culmsee.com\/wordpress-weblog\/wp-content\/uploads\/2018\/12\/Oberlahr-Hauptstr-19-847x1200.jpg\" alt=\"Oberlahr Fachwerkhaus Hauptstr.\" width=\"500\" height=\"708\" srcset=\"https:\/\/culmsee.com\/wordpress-weblog\/wp-content\/uploads\/2018\/12\/Oberlahr-Hauptstr-19-847x1200.jpg 847w, https:\/\/culmsee.com\/wordpress-weblog\/wp-content\/uploads\/2018\/12\/Oberlahr-Hauptstr-19-424x600.jpg 424w, https:\/\/culmsee.com\/wordpress-weblog\/wp-content\/uploads\/2018\/12\/Oberlahr-Hauptstr-19-768x1088.jpg 768w, https:\/\/culmsee.com\/wordpress-weblog\/wp-content\/uploads\/2018\/12\/Oberlahr-Hauptstr-19-500x708.jpg 500w, https:\/\/culmsee.com\/wordpress-weblog\/wp-content\/uploads\/2018\/12\/Oberlahr-Hauptstr-19-800x1133.jpg 800w, https:\/\/culmsee.com\/wordpress-weblog\/wp-content\/uploads\/2018\/12\/Oberlahr-Hauptstr-19-191x270.jpg 191w, https:\/\/culmsee.com\/wordpress-weblog\/wp-content\/uploads\/2018\/12\/Oberlahr-Hauptstr-19.jpg 1200w\" sizes=\"auto, (max-width: 500px) 100vw, 500px\" \/><\/a><figcaption id=\"caption-attachment-4319\" class=\"wp-caption-text\"><span style=\"color: #ad6531;\"><strong>Oberlahr:<\/strong> Fachwerkhaus als Kulturdenkmal in <strong>Hauptstr.<\/strong><\/span><\/figcaption><\/figure>\n<p style=\"text-align: right;\"><span style=\"color: #ad6531;\">plus code\u00a0 \u00a0 \u00a0JGF8+7Q Oberlahr<\/span><\/p>\n<p style=\"text-align: right;\"><span style=\"color: #ad6531;\">review\u00a0 \u00a0 \u00a0<a style=\"color: #ad6531;\" href=\"https:\/\/goo.gl\/maps\/UTP2kiDQ4J22\" target=\"_blank\" rel=\"noopener\">https:\/\/goo.gl\/maps\/UTP2kiDQ4J22<\/a>\u00a0<\/span><\/p>\n<p style=\"text-align: right;\"><span style=\"color: #ad6531;\">photo\u00a0 \u00a0 \u00a0<a style=\"color: #ad6531;\" href=\"https:\/\/goo.gl\/maps\/XUdueBt5pUE2\" target=\"_blank\" rel=\"noopener\">https:\/\/goo.gl\/maps\/XUdueBt5pUE2<\/a>\u00a0<\/span><\/p>\n<p><span style=\"color: #993300;\">Wikipedia:\u00a0 \u00a0 \u00a0<a style=\"color: #993300;\" href=\"https:\/\/de.wikipedia.org\/wiki\/Liste_der_Kulturdenkm%C3%A4ler_in_Oberlahr\" target=\"_blank\" rel=\"noopener\">https:\/\/de.wikipedia.org\/wiki\/Liste_der_Kulturdenkm%C3%A4ler_in_Oberlahr<\/a>\u00a0<\/span><\/p>\n<figure id=\"attachment_4320\" aria-describedby=\"caption-attachment-4320\" style=\"width: 1051px\" class=\"wp-caption aligncenter\"><a href=\"https:\/\/www.google.de\/maps\/place\/50%C2%B037'23.5%22N+7%C2%B031'01.0%22E\/@50.6231875,7.5147435,480m\/data=!3m1!1e3!4m5!3m4!1s0x0:0x0!8m2!3d50.6231875!4d7.5169375?hl=de\" target=\"_blank\" rel=\"noopener\"><img loading=\"lazy\" decoding=\"async\" class=\"size-full wp-image-4320\" src=\"http:\/\/culmsee.com\/wordpress-weblog\/wp-content\/uploads\/2018\/12\/Oberlahr-Fachwerkhaus-Hauptstr.bmp\" alt=\"Oberlahr Fachwerkhaus Hauptstr\" width=\"1051\" height=\"817\" \/><\/a><figcaption id=\"caption-attachment-4320\" class=\"wp-caption-text\"><span style=\"color: #ad6531;\">Google Maps: <strong>Oberlahr<\/strong> Fachwerkhaus als Kulturdenkmal in <strong>Hauptstr.<\/strong><\/span><\/figcaption><\/figure>\n<h3><em><span style=\"color: #ad6531;\">Oberlahr (Westerwald), historisches Fachwerkhaus (1700)<\/span><\/em><\/h3>\n<p><span style=\"color: #ad6531;\"><em>Das historische und denkmalgesch\u00fctzte Fachwerkhaus in der Hauptstra\u00dfe 19 in Oberlahr liegt in zentraler Lage nahe der St. Antonius Kirche. Es ist in der offiziellen Liste der Kulturdenkm\u00e4ler von Oberlahr eingetragen. Die Dach-Giebel.Inschrift lautet 1700.<\/em><\/span><\/p>\n<p>&nbsp;<\/p>\n<hr \/>\n<h1 style=\"text-align: center;\"><span style=\"color: #916b50;\"><em>Peterslahr:<\/em><\/span><\/h1>\n<figure id=\"attachment_4317\" aria-describedby=\"caption-attachment-4317\" style=\"width: 1000px\" class=\"wp-caption aligncenter\"><a href=\"http:\/\/culmsee.com\/wordpress-weblog\/wp-content\/uploads\/2018\/12\/Peterslahr-2017-11-Fachwerkhaus.jpg\"><img loading=\"lazy\" decoding=\"async\" class=\"wp-image-4317\" src=\"http:\/\/culmsee.com\/wordpress-weblog\/wp-content\/uploads\/2018\/12\/Peterslahr-2017-11-Fachwerkhaus.jpg\" alt=\"Peterslahr Fachwerkhaus Wiedtalstr.\" width=\"1000\" height=\"775\" srcset=\"https:\/\/culmsee.com\/wordpress-weblog\/wp-content\/uploads\/2018\/12\/Peterslahr-2017-11-Fachwerkhaus.jpg 1200w, https:\/\/culmsee.com\/wordpress-weblog\/wp-content\/uploads\/2018\/12\/Peterslahr-2017-11-Fachwerkhaus-774x600.jpg 774w, https:\/\/culmsee.com\/wordpress-weblog\/wp-content\/uploads\/2018\/12\/Peterslahr-2017-11-Fachwerkhaus-768x595.jpg 768w, https:\/\/culmsee.com\/wordpress-weblog\/wp-content\/uploads\/2018\/12\/Peterslahr-2017-11-Fachwerkhaus-500x388.jpg 500w, https:\/\/culmsee.com\/wordpress-weblog\/wp-content\/uploads\/2018\/12\/Peterslahr-2017-11-Fachwerkhaus-800x620.jpg 800w, https:\/\/culmsee.com\/wordpress-weblog\/wp-content\/uploads\/2018\/12\/Peterslahr-2017-11-Fachwerkhaus-348x270.jpg 348w\" sizes=\"auto, (max-width: 1000px) 100vw, 1000px\" \/><\/a><figcaption id=\"caption-attachment-4317\" class=\"wp-caption-text\"><span style=\"color: #916b50;\"><strong>Peterslahr<\/strong> Fachwerkhaus als Kulturdenkmal an <strong>Wiedtalstr.<\/strong><\/span><\/figcaption><\/figure>\n<p style=\"text-align: right;\"><span style=\"color: #916b50;\">review:\u00a0 \u00a0 \u00a0<a style=\"color: #916b50;\" href=\"https:\/\/goo.gl\/maps\/nd2ejmphwHv\" target=\"_blank\" rel=\"noopener\">https:\/\/goo.gl\/maps\/nd2ejmphwHv<\/a><\/span><\/p>\n<p style=\"text-align: right;\"><span style=\"color: #916b50;\">photo:\u00a0 \u00a0 \u00a0<a style=\"color: #916b50;\" href=\"https:\/\/goo.gl\/maps\/4m7MEDdBx2u\" target=\"_blank\" rel=\"noopener\">https:\/\/goo.gl\/maps\/4m7MEDdBx2u<\/a>\u00a0<\/span><\/p>\n<p><span style=\"color: #916b50;\">Wikipedia:\u00a0 \u00a0 <a style=\"color: #916b50;\" href=\"https:\/\/de.wikipedia.org\/wiki\/Liste_der_Kulturdenkm%C3%A4ler_in_Peterslahr\" target=\"_blank\" rel=\"noopener\">https:\/\/de.wikipedia.org\/wiki\/Liste_der_Kulturdenkm%C3%A4ler_in_Peterslahr<\/a>\u00a0<\/span><\/p>\n<figure id=\"attachment_4318\" aria-describedby=\"caption-attachment-4318\" style=\"width: 1051px\" class=\"wp-caption aligncenter\"><a href=\"https:\/\/www.google.de\/maps\/place\/Fachwerkhaus+Kulturdenkmal\/@50.6139855,7.4800556,563m\/data=!3m1!1e3!4m5!3m4!1s0x47be93db74bb8981:0x8a5845398049c537!8m2!3d50.6139855!4d7.4822496?hl=de\" target=\"_blank\" rel=\"noopener\"><img loading=\"lazy\" decoding=\"async\" class=\"size-full wp-image-4318\" src=\"http:\/\/culmsee.com\/wordpress-weblog\/wp-content\/uploads\/2018\/12\/Peterslahr-Fachwerkhaus-18Jhd-Local-Guide.jpg\" alt=\"Peterslahr Fachwerkhaus Wiedtalstr\" width=\"1051\" height=\"817\" srcset=\"https:\/\/culmsee.com\/wordpress-weblog\/wp-content\/uploads\/2018\/12\/Peterslahr-Fachwerkhaus-18Jhd-Local-Guide.jpg 1051w, https:\/\/culmsee.com\/wordpress-weblog\/wp-content\/uploads\/2018\/12\/Peterslahr-Fachwerkhaus-18Jhd-Local-Guide-772x600.jpg 772w, https:\/\/culmsee.com\/wordpress-weblog\/wp-content\/uploads\/2018\/12\/Peterslahr-Fachwerkhaus-18Jhd-Local-Guide-768x597.jpg 768w, https:\/\/culmsee.com\/wordpress-weblog\/wp-content\/uploads\/2018\/12\/Peterslahr-Fachwerkhaus-18Jhd-Local-Guide-500x389.jpg 500w, https:\/\/culmsee.com\/wordpress-weblog\/wp-content\/uploads\/2018\/12\/Peterslahr-Fachwerkhaus-18Jhd-Local-Guide-800x622.jpg 800w, https:\/\/culmsee.com\/wordpress-weblog\/wp-content\/uploads\/2018\/12\/Peterslahr-Fachwerkhaus-18Jhd-Local-Guide-347x270.jpg 347w\" sizes=\"auto, (max-width: 1051px) 100vw, 1051px\" \/><\/a><figcaption id=\"caption-attachment-4318\" class=\"wp-caption-text\"><span style=\"color: #916b50;\">Google Maps: <strong>Peterslahr<\/strong> Fachwerkhaus als Kulturdenkmal an <strong>Wiedtalstr.<\/strong><\/span><\/figcaption><\/figure>\n<h3><em><span style=\"color: #916b50;\">Peterslahr (Westerwald), Fachwerkhaus (Kulturdenkmal)<\/span><\/em><\/h3>\n<p><em><span style=\"color: #916b50;\">Fachwerkhaus aus dem 18. Jahrhundert (malerisch typisch f\u00fcr solch Bauwerk), das in der Liste der \u201eKulturdenkm\u00e4ler in Peterslahr\u201c enthalten ist und im sog. Nachrichtlichen Verzeichnis der Kulturdenkm\u00e4ler von Rheinland-Pfalz aufgef\u00fchrt ist, ebenso wie die Katholische Pfarrkirche St. Petrus gleich gegen\u00fcber.<\/span><\/em><\/p>\n<hr \/>\n<p style=\"text-align: center;\"><span style=\"color: #808080;\">\u00a9\u00a0Copyright Maps by &#8222;Google Maps&#8220; (as shown) &lt; promotion for &#8222;Local Guides&#8220;, too<\/span><\/p>\n<hr \/>\n<p style=\"text-align: center;\"><span style=\"color: #999999;\">\u00a9\u00a0Photographies Produced | Copyright by <em>Axel Culmsee,<\/em> Germany<\/span><br \/>\n<span style=\"color: #999999;\">Courtesy of\u00a0 \u00a0<a style=\"color: #999999;\" href=\"http:\/\/culmsee.com\" target=\"_blank\" rel=\"noopener\">www.culmsee.com<\/a><\/span><\/p>\n<hr \/>\n<p style=\"text-align: center;\"><span style=\"color: #808080;\">1.643 views\u00a0<\/span><img loading=\"lazy\" decoding=\"async\" class=\"aligncenter wp-image-711 size-medium\" src=\"https:\/\/culmsee.com\/wordpress-weblog\/wp-content\/uploads\/2018\/01\/Linie-compilation-end-sw-300x54.jpg\" alt=\"Linie compilation end-sw\" width=\"300\" height=\"54\" srcset=\"https:\/\/culmsee.com\/wordpress-weblog\/wp-content\/uploads\/2018\/01\/Linie-compilation-end-sw-300x54.jpg 300w, https:\/\/culmsee.com\/wordpress-weblog\/wp-content\/uploads\/2018\/01\/Linie-compilation-end-sw.jpg 500w\" sizes=\"auto, (max-width: 300px) 100vw, 300px\" \/><\/p>\n<div>\n<div>\n<p><span style=\"color: #ff9900;\">&#8230;and &#8211; before this webLog &#8211; introducing :<\/span><\/p>\n<h3 style=\"text-align: center;\"><span style=\"color: #ff9900;\">&gt;&gt;\u00a0 \u00a0<a style=\"color: #ff9900;\" href=\"http:\/\/culmsee.com\/wordpress-weblog\/2018\/01\/local-guide-enjoys\/\">warum being \u201eLocal Guide\u201c enjoy<\/a>s\u00a0 \u00a0&gt;&gt;<\/span><\/h3>\n<h3 style=\"text-align: center;\"><img loading=\"lazy\" decoding=\"async\" class=\"aligncenter wp-image-29 size-medium\" src=\"https:\/\/culmsee.com\/wordpress-weblog\/wp-content\/uploads\/2017\/12\/Ende-webLog-300x12.jpg\" alt=\"Ende von diesem WebLog\" width=\"300\" height=\"12\" srcset=\"https:\/\/culmsee.com\/wordpress-weblog\/wp-content\/uploads\/2017\/12\/Ende-webLog-300x12.jpg 300w, https:\/\/culmsee.com\/wordpress-weblog\/wp-content\/uploads\/2017\/12\/Ende-webLog.jpg 500w\" sizes=\"auto, (max-width: 300px) 100vw, 300px\" \/><\/h3>\n<\/div>\n<\/div>\n<div style=\"text-align: center;\">[sbscrbr_form]<\/div>\n<p style=\"text-align: center;\">\n","protected":false},"excerpt":{"rendered":"<p>being Local Guide for Google Maps enjoys (II.) especially with first entries&#8230;<\/p>\n","protected":false},"author":1,"featured_media":4331,"comment_status":"open","ping_status":"open","sticky":false,"template":"","format":"standard","meta":{"footnotes":""},"categories":[704,25,67],"tags":[71,554,555,553,72,556],"class_list":["post-4315","post","type-post","status-publish","format-standard","has-post-thumbnail","hentry","category-celle","category-google-maps","category-local-guide","tag-celle","tag-fachwerkhaus","tag-kulturdenkmal","tag-oberlahr","tag-peterslahr","tag-timbered-house"],"views":1643,"_links":{"self":[{"href":"https:\/\/culmsee.com\/wordpress-weblog\/wp-json\/wp\/v2\/posts\/4315","targetHints":{"allow":["GET"]}}],"collection":[{"href":"https:\/\/culmsee.com\/wordpress-weblog\/wp-json\/wp\/v2\/posts"}],"about":[{"href":"https:\/\/culmsee.com\/wordpress-weblog\/wp-json\/wp\/v2\/types\/post"}],"author":[{"embeddable":true,"href":"https:\/\/culmsee.com\/wordpress-weblog\/wp-json\/wp\/v2\/users\/1"}],"replies":[{"embeddable":true,"href":"https:\/\/culmsee.com\/wordpress-weblog\/wp-json\/wp\/v2\/comments?post=4315"}],"version-history":[{"count":0,"href":"https:\/\/culmsee.com\/wordpress-weblog\/wp-json\/wp\/v2\/posts\/4315\/revisions"}],"wp:featuredmedia":[{"embeddable":true,"href":"https:\/\/culmsee.com\/wordpress-weblog\/wp-json\/wp\/v2\/media\/4331"}],"wp:attachment":[{"href":"https:\/\/culmsee.com\/wordpress-weblog\/wp-json\/wp\/v2\/media?parent=4315"}],"wp:term":[{"taxonomy":"category","embeddable":true,"href":"https:\/\/culmsee.com\/wordpress-weblog\/wp-json\/wp\/v2\/categories?post=4315"},{"taxonomy":"post_tag","embeddable":true,"href":"https:\/\/culmsee.com\/wordpress-weblog\/wp-json\/wp\/v2\/tags?post=4315"}],"curies":[{"name":"wp","href":"https:\/\/api.w.org\/{rel}","templated":true}]}}